{"id":1552,"date":"2007-12-05T12:06:34","date_gmt":"2007-12-05T11:06:34","guid":{"rendered":"https:\/\/2022.a-p-p.ch\/?p=1552"},"modified":"2023-04-06T10:28:24","modified_gmt":"2023-04-06T08:28:24","slug":"stoerungen-der-auditiven-verarbeitung","status":"publish","type":"post","link":"https:\/\/a-p-p.ch\/de\/stoerungen-der-auditiven-verarbeitung\/","title":{"rendered":"St\u00f6rungen der auditiven Verarbeitung"},"content":{"rendered":"<p><a href=\"https:\/\/a-p-p.ch\/wp-content\/uploads\/2023\/04\/traitement-_auditif.pdf\" target=\"_blank\" rel=\"noopener\">Original Artikel (PDF)<\/a><\/p>\n<ul>\n<li>Ross-Swain, D. (2007). <a href=\"https:\/\/www.researchgate.net\/publication\/241727910_The_Effects_of_Auditory_Stimulation_on_Auditory_Processing_Disorder_A_Summary_of_the_Findings\" target=\"_blank\" rel=\"noopener\">The effects of auditory stimulation on auditory processing disorder: A summary of the findings<\/a>. International Journal of Listening, Nr. 21(2), S. 140-155.<\/li>\n<\/ul>\n<p>Ross-Swain (2007) untersuchte die Auswirkungen der Tomatis-Methode auf Kinder und junge Erwachsene mit Sprach- und Sprechdefiziten, die der Autor mit einer auditiven Verarbeitungsst\u00f6rung diagnostiziert. Signifikante Ver\u00e4nderungen wurden in den folgenden Bereichen berichtet: auditive Sequenzierung, Interpretation von Schallrichtungen, auditive Diskriminierung und auditive Koh\u00e4sion einschlie\u00dflich des auditiven Kurzzeitged\u00e4chtnisses.<\/p>\n","protected":false},"excerpt":{"rendered":"<p>Ross-Swain (2007) untersuchte die Auswirkungen der Tomatis-Methode auf Kinder und junge Erwachsene mit Sprach- und Sprechdefiziten, die der Autor mit einer auditiven Verarbeitungsst\u00f6rung diagnostiziert.<\/p>\n","protected":false},"author":2,"featured_media":0,"comment_status":"closed","ping_status":"open","sticky":false,"template":"","format":"standard","meta":{"_acf_changed":false,"_et_pb_use_builder":"","_et_pb_old_content":"","_et_gb_content_width":"","footnotes":""},"categories":[17,15],"tags":[],"class_list":["post-1552","post","type-post","status-publish","format-standard","hentry","category-hoerstoerungen","category-studie"],"acf":[],"yoast_head":"<!-- This site is optimized with the Yoast SEO plugin v27.4 - https:\/\/yoast.com\/product\/yoast-seo-wordpress\/ -->\n<title>- St\u00f6rungen der auditiven Verarbeitung<\/title>\n<meta name=\"description\" content=\"St\u00f6rungen der auditiven Verarbeitung - Schweizerischer Berufsverband f\u00fcr A.P.P. nach A. Tomatis\" \/>\n<meta name=\"robots\" content=\"index, follow, max-snippet:-1, max-image-preview:large, max-video-preview:-1\" \/>\n<link rel=\"canonical\" href=\"https:\/\/a-p-p.ch\/de\/stoerungen-der-auditiven-verarbeitung\/\" \/>\n<meta property=\"og:locale\" content=\"de_DE\" \/>\n<meta property=\"og:type\" content=\"article\" \/>\n<meta property=\"og:title\" content=\"- St\u00f6rungen der auditiven Verarbeitung\" \/>\n<meta property=\"og:description\" content=\"St\u00f6rungen der auditiven Verarbeitung - Schweizerischer Berufsverband f\u00fcr A.P.P. nach A. Tomatis\" \/>\n<meta property=\"og:url\" content=\"https:\/\/a-p-p.ch\/de\/stoerungen-der-auditiven-verarbeitung\/\" \/>\n<meta property=\"og:site_name\" content=\"Schweizerischer Berufsverband f\u00fcr A.P.P. nach A. Tomatis\" \/>\n<meta property=\"article:published_time\" content=\"2007-12-05T11:06:34+00:00\" \/>\n<meta property=\"article:modified_time\" content=\"2023-04-06T08:28:24+00:00\" \/>\n<meta name=\"author\" content=\"APP\" \/>\n<meta name=\"twitter:card\" content=\"summary_large_image\" \/>\n<meta name=\"twitter:label1\" content=\"Verfasst von\" \/>\n\t<meta name=\"twitter:data1\" content=\"APP\" \/>\n<script type=\"application\/ld+json\" class=\"yoast-schema-graph\">{\"@context\":\"https:\\\/\\\/schema.org\",\"@graph\":[{\"@type\":\"Article\",\"@id\":\"https:\\\/\\\/a-p-p.ch\\\/de\\\/stoerungen-der-auditiven-verarbeitung\\\/#article\",\"isPartOf\":{\"@id\":\"https:\\\/\\\/a-p-p.ch\\\/de\\\/stoerungen-der-auditiven-verarbeitung\\\/\"},\"author\":{\"name\":\"APP\",\"@id\":\"https:\\\/\\\/a-p-p.ch\\\/de\\\/#\\\/schema\\\/person\\\/a0c12c9c0444afa41acbffec52ad5e66\"},\"headline\":\"St\u00f6rungen der auditiven Verarbeitung\",\"datePublished\":\"2007-12-05T11:06:34+00:00\",\"dateModified\":\"2023-04-06T08:28:24+00:00\",\"mainEntityOfPage\":{\"@id\":\"https:\\\/\\\/a-p-p.ch\\\/de\\\/stoerungen-der-auditiven-verarbeitung\\\/\"},\"wordCount\":81,\"publisher\":{\"@id\":\"https:\\\/\\\/a-p-p.ch\\\/de\\\/#organization\"},\"articleSection\":[\"H\u00f6rst\u00f6rungen\",\"Studie\"],\"inLanguage\":\"de\"},{\"@type\":\"WebPage\",\"@id\":\"https:\\\/\\\/a-p-p.ch\\\/de\\\/stoerungen-der-auditiven-verarbeitung\\\/\",\"url\":\"https:\\\/\\\/a-p-p.ch\\\/de\\\/stoerungen-der-auditiven-verarbeitung\\\/\",\"name\":\"- St\u00f6rungen der auditiven Verarbeitung\",\"isPartOf\":{\"@id\":\"https:\\\/\\\/a-p-p.ch\\\/de\\\/#website\"},\"datePublished\":\"2007-12-05T11:06:34+00:00\",\"dateModified\":\"2023-04-06T08:28:24+00:00\",\"description\":\"St\u00f6rungen der auditiven Verarbeitung - Schweizerischer Berufsverband f\u00fcr A.P.P. nach A. Tomatis\",\"breadcrumb\":{\"@id\":\"https:\\\/\\\/a-p-p.ch\\\/de\\\/stoerungen-der-auditiven-verarbeitung\\\/#breadcrumb\"},\"inLanguage\":\"de\",\"potentialAction\":[{\"@type\":\"ReadAction\",\"target\":[\"https:\\\/\\\/a-p-p.ch\\\/de\\\/stoerungen-der-auditiven-verarbeitung\\\/\"]}]},{\"@type\":\"BreadcrumbList\",\"@id\":\"https:\\\/\\\/a-p-p.ch\\\/de\\\/stoerungen-der-auditiven-verarbeitung\\\/#breadcrumb\",\"itemListElement\":[{\"@type\":\"ListItem\",\"position\":1,\"name\":\"Startseite\",\"item\":\"https:\\\/\\\/a-p-p.ch\\\/de\\\/\"},{\"@type\":\"ListItem\",\"position\":2,\"name\":\"H\u00f6rst\u00f6rungen\",\"item\":\"https:\\\/\\\/a-p-p.ch\\\/de\\\/category\\\/hoerstoerungen\\\/\"},{\"@type\":\"ListItem\",\"position\":3,\"name\":\"St\u00f6rungen der auditiven Verarbeitung\"}]},{\"@type\":\"WebSite\",\"@id\":\"https:\\\/\\\/a-p-p.ch\\\/de\\\/#website\",\"url\":\"https:\\\/\\\/a-p-p.ch\\\/de\\\/\",\"name\":\"Schweizerischer Berufsverband f\u00fcr A.P.P. nach A. Tomatis\",\"description\":\"\",\"publisher\":{\"@id\":\"https:\\\/\\\/a-p-p.ch\\\/de\\\/#organization\"},\"potentialAction\":[{\"@type\":\"SearchAction\",\"target\":{\"@type\":\"EntryPoint\",\"urlTemplate\":\"https:\\\/\\\/a-p-p.ch\\\/de\\\/?s={search_term_string}\"},\"query-input\":{\"@type\":\"PropertyValueSpecification\",\"valueRequired\":true,\"valueName\":\"search_term_string\"}}],\"inLanguage\":\"de\"},{\"@type\":\"Organization\",\"@id\":\"https:\\\/\\\/a-p-p.ch\\\/de\\\/#organization\",\"name\":\"Schweizerischer Berufsverband f\u00fcr A.P.P. nach A. Tomatis\",\"alternateName\":\"APP\",\"url\":\"https:\\\/\\\/a-p-p.ch\\\/de\\\/\",\"logo\":{\"@type\":\"ImageObject\",\"inLanguage\":\"de\",\"@id\":\"https:\\\/\\\/a-p-p.ch\\\/de\\\/#\\\/schema\\\/logo\\\/image\\\/\",\"url\":\"https:\\\/\\\/a-p-p.ch\\\/wp-content\\\/uploads\\\/2022\\\/04\\\/cropped-APP-Spirale-Logo.png\",\"contentUrl\":\"https:\\\/\\\/a-p-p.ch\\\/wp-content\\\/uploads\\\/2022\\\/04\\\/cropped-APP-Spirale-Logo.png\",\"width\":512,\"height\":512,\"caption\":\"Schweizerischer Berufsverband f\u00fcr A.P.P. nach A. Tomatis\"},\"image\":{\"@id\":\"https:\\\/\\\/a-p-p.ch\\\/de\\\/#\\\/schema\\\/logo\\\/image\\\/\"}},{\"@type\":\"Person\",\"@id\":\"https:\\\/\\\/a-p-p.ch\\\/de\\\/#\\\/schema\\\/person\\\/a0c12c9c0444afa41acbffec52ad5e66\",\"name\":\"APP\",\"image\":{\"@type\":\"ImageObject\",\"inLanguage\":\"de\",\"@id\":\"https:\\\/\\\/secure.gravatar.com\\\/avatar\\\/d9018c47ef8523d045ca1f9aebbf0a81f8a61678a5fe103c33d24aa7af9474b5?s=96&d=mm&r=g\",\"url\":\"https:\\\/\\\/secure.gravatar.com\\\/avatar\\\/d9018c47ef8523d045ca1f9aebbf0a81f8a61678a5fe103c33d24aa7af9474b5?s=96&d=mm&r=g\",\"contentUrl\":\"https:\\\/\\\/secure.gravatar.com\\\/avatar\\\/d9018c47ef8523d045ca1f9aebbf0a81f8a61678a5fe103c33d24aa7af9474b5?s=96&d=mm&r=g\",\"caption\":\"APP\"}}]}<\/script>\n<!-- \/ Yoast SEO plugin. -->","yoast_head_json":{"title":"- St\u00f6rungen der auditiven Verarbeitung","description":"St\u00f6rungen der auditiven Verarbeitung - Schweizerischer Berufsverband f\u00fcr A.P.P. nach A. Tomatis","robots":{"index":"index","follow":"follow","max-snippet":"max-snippet:-1","max-image-preview":"max-image-preview:large","max-video-preview":"max-video-preview:-1"},"canonical":"https:\/\/a-p-p.ch\/de\/stoerungen-der-auditiven-verarbeitung\/","og_locale":"de_DE","og_type":"article","og_title":"- St\u00f6rungen der auditiven Verarbeitung","og_description":"St\u00f6rungen der auditiven Verarbeitung - Schweizerischer Berufsverband f\u00fcr A.P.P. nach A. Tomatis","og_url":"https:\/\/a-p-p.ch\/de\/stoerungen-der-auditiven-verarbeitung\/","og_site_name":"Schweizerischer Berufsverband f\u00fcr A.P.P. nach A. Tomatis","article_published_time":"2007-12-05T11:06:34+00:00","article_modified_time":"2023-04-06T08:28:24+00:00","author":"APP","twitter_card":"summary_large_image","twitter_misc":{"Verfasst von":"APP"},"schema":{"@context":"https:\/\/schema.org","@graph":[{"@type":"Article","@id":"https:\/\/a-p-p.ch\/de\/stoerungen-der-auditiven-verarbeitung\/#article","isPartOf":{"@id":"https:\/\/a-p-p.ch\/de\/stoerungen-der-auditiven-verarbeitung\/"},"author":{"name":"APP","@id":"https:\/\/a-p-p.ch\/de\/#\/schema\/person\/a0c12c9c0444afa41acbffec52ad5e66"},"headline":"St\u00f6rungen der auditiven Verarbeitung","datePublished":"2007-12-05T11:06:34+00:00","dateModified":"2023-04-06T08:28:24+00:00","mainEntityOfPage":{"@id":"https:\/\/a-p-p.ch\/de\/stoerungen-der-auditiven-verarbeitung\/"},"wordCount":81,"publisher":{"@id":"https:\/\/a-p-p.ch\/de\/#organization"},"articleSection":["H\u00f6rst\u00f6rungen","Studie"],"inLanguage":"de"},{"@type":"WebPage","@id":"https:\/\/a-p-p.ch\/de\/stoerungen-der-auditiven-verarbeitung\/","url":"https:\/\/a-p-p.ch\/de\/stoerungen-der-auditiven-verarbeitung\/","name":"- St\u00f6rungen der auditiven Verarbeitung","isPartOf":{"@id":"https:\/\/a-p-p.ch\/de\/#website"},"datePublished":"2007-12-05T11:06:34+00:00","dateModified":"2023-04-06T08:28:24+00:00","description":"St\u00f6rungen der auditiven Verarbeitung - Schweizerischer Berufsverband f\u00fcr A.P.P. nach A. Tomatis","breadcrumb":{"@id":"https:\/\/a-p-p.ch\/de\/stoerungen-der-auditiven-verarbeitung\/#breadcrumb"},"inLanguage":"de","potentialAction":[{"@type":"ReadAction","target":["https:\/\/a-p-p.ch\/de\/stoerungen-der-auditiven-verarbeitung\/"]}]},{"@type":"BreadcrumbList","@id":"https:\/\/a-p-p.ch\/de\/stoerungen-der-auditiven-verarbeitung\/#breadcrumb","itemListElement":[{"@type":"ListItem","position":1,"name":"Startseite","item":"https:\/\/a-p-p.ch\/de\/"},{"@type":"ListItem","position":2,"name":"H\u00f6rst\u00f6rungen","item":"https:\/\/a-p-p.ch\/de\/category\/hoerstoerungen\/"},{"@type":"ListItem","position":3,"name":"St\u00f6rungen der auditiven Verarbeitung"}]},{"@type":"WebSite","@id":"https:\/\/a-p-p.ch\/de\/#website","url":"https:\/\/a-p-p.ch\/de\/","name":"Schweizerischer Berufsverband f\u00fcr A.P.P. nach A. Tomatis","description":"","publisher":{"@id":"https:\/\/a-p-p.ch\/de\/#organization"},"potentialAction":[{"@type":"SearchAction","target":{"@type":"EntryPoint","urlTemplate":"https:\/\/a-p-p.ch\/de\/?s={search_term_string}"},"query-input":{"@type":"PropertyValueSpecification","valueRequired":true,"valueName":"search_term_string"}}],"inLanguage":"de"},{"@type":"Organization","@id":"https:\/\/a-p-p.ch\/de\/#organization","name":"Schweizerischer Berufsverband f\u00fcr A.P.P. nach A. Tomatis","alternateName":"APP","url":"https:\/\/a-p-p.ch\/de\/","logo":{"@type":"ImageObject","inLanguage":"de","@id":"https:\/\/a-p-p.ch\/de\/#\/schema\/logo\/image\/","url":"https:\/\/a-p-p.ch\/wp-content\/uploads\/2022\/04\/cropped-APP-Spirale-Logo.png","contentUrl":"https:\/\/a-p-p.ch\/wp-content\/uploads\/2022\/04\/cropped-APP-Spirale-Logo.png","width":512,"height":512,"caption":"Schweizerischer Berufsverband f\u00fcr A.P.P. nach A. Tomatis"},"image":{"@id":"https:\/\/a-p-p.ch\/de\/#\/schema\/logo\/image\/"}},{"@type":"Person","@id":"https:\/\/a-p-p.ch\/de\/#\/schema\/person\/a0c12c9c0444afa41acbffec52ad5e66","name":"APP","image":{"@type":"ImageObject","inLanguage":"de","@id":"https:\/\/secure.gravatar.com\/avatar\/d9018c47ef8523d045ca1f9aebbf0a81f8a61678a5fe103c33d24aa7af9474b5?s=96&d=mm&r=g","url":"https:\/\/secure.gravatar.com\/avatar\/d9018c47ef8523d045ca1f9aebbf0a81f8a61678a5fe103c33d24aa7af9474b5?s=96&d=mm&r=g","contentUrl":"https:\/\/secure.gravatar.com\/avatar\/d9018c47ef8523d045ca1f9aebbf0a81f8a61678a5fe103c33d24aa7af9474b5?s=96&d=mm&r=g","caption":"APP"}}]}},"_links":{"self":[{"href":"https:\/\/a-p-p.ch\/de\/wp-json\/wp\/v2\/posts\/1552","targetHints":{"allow":["GET"]}}],"collection":[{"href":"https:\/\/a-p-p.ch\/de\/wp-json\/wp\/v2\/posts"}],"about":[{"href":"https:\/\/a-p-p.ch\/de\/wp-json\/wp\/v2\/types\/post"}],"author":[{"embeddable":true,"href":"https:\/\/a-p-p.ch\/de\/wp-json\/wp\/v2\/users\/2"}],"replies":[{"embeddable":true,"href":"https:\/\/a-p-p.ch\/de\/wp-json\/wp\/v2\/comments?post=1552"}],"version-history":[{"count":0,"href":"https:\/\/a-p-p.ch\/de\/wp-json\/wp\/v2\/posts\/1552\/revisions"}],"wp:attachment":[{"href":"https:\/\/a-p-p.ch\/de\/wp-json\/wp\/v2\/media?parent=1552"}],"wp:term":[{"taxonomy":"category","embeddable":true,"href":"https:\/\/a-p-p.ch\/de\/wp-json\/wp\/v2\/categories?post=1552"},{"taxonomy":"post_tag","embeddable":true,"href":"https:\/\/a-p-p.ch\/de\/wp-json\/wp\/v2\/tags?post=1552"}],"curies":[{"name":"wp","href":"https:\/\/api.w.org\/{rel}","templated":true}]}}